{"id":1565,"date":"2026-01-06T21:26:50","date_gmt":"2026-01-06T19:26:50","guid":{"rendered":"https:\/\/thalienco.com\/?p=1565"},"modified":"2026-04-03T00:45:39","modified_gmt":"2026-04-02T22:45:39","slug":"concert-expo-thalie-nco-2","status":"publish","type":"post","link":"https:\/\/thalienco.com\/index.php\/2026\/01\/06\/concert-expo-thalie-nco-2\/","title":{"rendered":"Concert Expo Thalie N&rsquo;co"},"content":{"rendered":"\n<p class=\"has-text-align-center\"><strong>Samedi 21 F\u00e9vrier <\/strong>2026<\/p>\n\n\n\n<p class=\"has-text-align-center\">Le Tas de Sable &#8211; Port Louis (56)<\/p>\n\n\n\n<p class=\"has-text-align-center\"><strong>Thalie chante Barbara<\/strong><\/p>\n\n\n\n<p class=\"has-text-align-center\"><span style=\"caret-color: rgb(0, 0, 0); color: rgb(0, 0, 0); font-family: -webkit-standard; text-align: start; white-space: normal;\">Accompagnement guitare Pascal Olivier<\/span><\/p>\n\n\n\n<p>Chanteuse, autrice-compositrice, Thalie a&nbsp;parcouru le monde, v\u00e9cu au Br\u00e9sil et en Am\u00e9rique du Nord, pass\u00e9 un dipl\u00f4me de capitaine \u00e0 Lorient, et choisi de s\u2019installer dans la Vall\u00e9e des Ardois\u00e8res \u00e0 Ma\u00ebl-Carhaix.&nbsp;<\/p>\n\n\n\n<p>Apr\u00e8s le succ\u00e8s obtenu lors de ses spectacles\/albums hommages \u00e0 Barbara et \u00e0 Michel Tonnerre, Nathalie Presles revient avec un opus port\u00e9 par ses propres compositions.\u00ab Lorsqu\u2019elle ne compose pas elle-m\u00eame, Thalie butine avec bonheur le r\u00e9pertoire des grands. Elle revient cette fois avec un tr\u00e8s bel et \u00e9mouvant hommage \u00e0 Barbara, qui r\u00e9chauffera le c\u0153ur des orphelins de la Dame Brune.(&#8230;) &nbsp;(Le Poher)<\/p>\n\n\n\n<p>Thalie exposera ses photos lors de ce rendez-vous \u2026Expo \u00ab Canal, mon beau canal\u2026 \u00bb Une invitation au voyage sur le canal de Nantes \u00e0 Brest dans le mystique et fascinant Kreiz Breizh\u2026<\/p>\n\n\n\n<p><em>\u00ab&nbsp;La voix de Thalie ainsi que les arrangements de Pascal Olivier (guitare) donnent au r\u00e9pertoire de Barbara une sonorit\u00e9 profonde et in\u00e9dite (&#8230;) \u00bb (Le T\u00e9l\u00e9gramme).<\/em><\/p>\n\n\n\n<p><a href=\"http:\/\/www.thalienco.com\/\"><\/a><\/p>\n\n\n\n<p class=\"has-text-align-center\"><em><strong>Entr\u00e9e libre sur r\u00e9servation &#8211; R\u00e9mun\u00e9ration des artistes au chapeau<\/strong><\/em><\/p>\n\n\n\n<p><em>Ouverture des portes 19h 30 &#8211;&nbsp;Concert 20h.<\/em><\/p>\n\n\n\n<p><em>2 Place au bois Port-Louis<\/em><\/p>\n\n\n\n<p><strong>En marge du concert, le dimanche 22 f\u00e9vrier de 10h \u00e0 17h au Tas de Sable : Expo \u00ab Canal, mon beau canal\u2026 \u00bb Photos Nathalie Presles&nbsp;<\/strong><\/p>\n\n\n\n<p>Auteure, compositrice, interpr\u00e8te, Thalie rajoute une corde \u00e0 son arc, et exposera ses photos lors de ce rendez-vous \u2026<\/p>\n\n\n\n<p>Une invitation au voyage sur le canal de Nantes \u00e0 Brest dans le mystique et fascinant Kreiz Breizh\u2026<\/p>\n\n\n\n<p>&nbsp;R\u00e9servation obligatoire. Cela nous permet de connaitre d&rsquo;avance le public attendu et de contr\u00f4ler la jauge.:<\/p>\n\n\n\n<p><a href=\"mailto:contact.asso.tasdesable@sfr.fr\" target=\"_blank\" rel=\"noreferrer noopener\">contact.asso.tasdesable@sfr.fr<\/a>&nbsp;ou par SMS \u00e0 Catherine : 06 14 64 39 34<\/p>\n\n\n\n<p><\/p>\n","protected":false},"excerpt":{"rendered":"<p>Samedi 21 F\u00e9vrier 2026 Le Tas de Sable &#8211; Port Louis (56) Thalie chante Barbara Accompagnement guitare Pascal Olivier Chanteuse, autrice-compositrice, Thalie a&nbsp;parcouru le monde, v\u00e9cu au Br\u00e9sil et en Am\u00e9rique du Nord, pass\u00e9 un dipl\u00f4me de capitaine \u00e0 Lorient, et choisi de s\u2019installer dans la Vall\u00e9e des Ardois\u00e8res \u00e0 Ma\u00ebl-Carhaix.&nbsp; Apr\u00e8s le succ\u00e8s obtenu &hellip; <a href=\"https:\/\/thalienco.com\/index.php\/2026\/01\/06\/concert-expo-thalie-nco-2\/\" class=\"more-link\">Continuer la lecture de <span class=\"screen-reader-text\">Concert Expo Thalie N&rsquo;co<\/span>  <span class=\"meta-nav\">&rarr;<\/span><\/a><\/p>\n","protected":false},"author":2,"featured_media":1566,"comment_status":"closed","ping_status":"open","sticky":false,"template":"","format":"standard","meta":{"footnotes":""},"categories":[1],"tags":[],"class_list":["post-1565","post","type-post","status-publish","format-standard","has-post-thumbnail","hentry","category-non-classe"],"_links":{"self":[{"href":"https:\/\/thalienco.com\/index.php\/wp-json\/wp\/v2\/posts\/1565","targetHints":{"allow":["GET"]}}],"collection":[{"href":"https:\/\/thalienco.com\/index.php\/wp-json\/wp\/v2\/posts"}],"about":[{"href":"https:\/\/thalienco.com\/index.php\/wp-json\/wp\/v2\/types\/post"}],"author":[{"embeddable":true,"href":"https:\/\/thalienco.com\/index.php\/wp-json\/wp\/v2\/users\/2"}],"replies":[{"embeddable":true,"href":"https:\/\/thalienco.com\/index.php\/wp-json\/wp\/v2\/comments?post=1565"}],"version-history":[{"count":7,"href":"https:\/\/thalienco.com\/index.php\/wp-json\/wp\/v2\/posts\/1565\/revisions"}],"predecessor-version":[{"id":1605,"href":"https:\/\/thalienco.com\/index.php\/wp-json\/wp\/v2\/posts\/1565\/revisions\/1605"}],"wp:featuredmedia":[{"embeddable":true,"href":"https:\/\/thalienco.com\/index.php\/wp-json\/wp\/v2\/media\/1566"}],"wp:attachment":[{"href":"https:\/\/thalienco.com\/index.php\/wp-json\/wp\/v2\/media?parent=1565"}],"wp:term":[{"taxonomy":"category","embeddable":true,"href":"https:\/\/thalienco.com\/index.php\/wp-json\/wp\/v2\/categories?post=1565"},{"taxonomy":"post_tag","embeddable":true,"href":"https:\/\/thalienco.com\/index.php\/wp-json\/wp\/v2\/tags?post=1565"}],"curies":[{"name":"wp","href":"https:\/\/api.w.org\/{rel}","templated":true}]}}